{"id":841,"date":"2021-12-24T12:29:50","date_gmt":"2021-12-24T11:29:50","guid":{"rendered":"https:\/\/www.oberpfalz-radsport.de\/?p=841"},"modified":"2021-12-24T12:34:02","modified_gmt":"2021-12-24T11:34:02","slug":"froehliche-weihnachten-und-ein-gesundes-neues-jahr","status":"publish","type":"post","link":"https:\/\/www.oberpfalz-radsport.de\/?p=841","title":{"rendered":"Fr\u00f6hliche Weihnachten und ein gesundes Neues Jahr 2022"},"content":{"rendered":"<p><strong>Liebe Radsportlerinnen, liebe Radsportler,<\/strong><\/p>\n<p><strong>aufgrund der momentanen stark von Pandemie gepr\u00e4gten Zeit f\u00e4llt es wiederum schwer Worte f\u00fcr einen Weihnachtsbrief zu finden!<\/strong><\/p>\n<p><strong>Ein fr\u00f6hliches Weihnachten!<br \/>\nKann es aufgrund der Pandemie Vorhersagen ein fr\u00f6hliches Weihnachten werden?<br \/>\nBleiben wir zuversichtlich und hoffen auf eine baldige R\u00fcckkehr zum Gewohnten.<\/strong><\/p>\n<p><strong>Es liegt ein entsprechend der Pandemieauflagen geschuldetes au\u00dfergew\u00f6hnliches Jahr 2021 hinter uns.<\/strong><br \/>\n<strong>Corona hat uns nach wie vor Alle fest im Griff. In noch nie erlebter Form legte das Virus unseren Sport zeitweise mehr oder weniger lahm. Die Folge f\u00fcr die Vereine war wiederum ein Jahr mit vielen Absagen geplanter Veranstaltungen.<\/strong><\/p>\n<p><strong>Radsport die sch\u00f6nste Nebensache der Welt?<br \/>\nIn Zeiten wie diesen, besteht die Gefahr, dass der Sport zur Nebens\u00e4chlichkeit verkommt.<\/strong><\/p>\n<p><strong>Erfreulich, dass in den Sommermonaten gemeinsamer Sport m\u00f6glich war. Dank der Ideenvielfalt unserer Vereine wurde Neues geschaffen und so der Krise entgegnet<\/strong><\/p>\n<p><strong>Herzlichen Dank sage ich allen, welche mit ihrer Vereinsarbeit, einen wertvollen Beitrag zum diesj\u00e4hrigen Radsportgeschehen in der Oberpfalz leisteten.<\/strong><br \/>\n<strong>Herzlichen Dank auch allen Sportlerinnen und Sportlern, welche mit Ihren Aktivit\u00e4ten, Leistungen und Erfolgen, unseren Bezirk w\u00fcrdig vertreten haben.<\/strong><\/p>\n<p><strong>In wenigen Tagen starten wir in das Neue Jahr 2022!<br \/>\nHoffen wir, dass wir bei unserem geplanten Bezirkstag im Fr\u00fchjahr in pers\u00f6nlicher Form ein vielseitiges Sportjahr 2022 festlegen k\u00f6nnen, und Dank Euerer wertvollen \u00a0Mitarbeit in den Vereinen die Aktivit\u00e4ten meistern.<\/strong><\/p>\n<p><strong>Zu allen Aktivit\u00e4ten im neuen Jahr w\u00fcnsche ich Euch<\/strong><strong> viel Erfolg und bleibt dabei stets gesund und munter!<\/strong><\/p>\n<p><strong>Ich freue mich auf unsere gemeinsame Aufgabe und so w\u00fcnsche ich Euch ein sch\u00f6nes Weihnachtsfest und ein erfolgreiches neues Jahr.<\/strong><\/p>\n<p><strong>Diese W\u00fcnsche \u00fcbersende ich Euch im Namen der gesamten Bezirksvorstandschaft.<\/strong><\/p>\n<p><strong>Heinz Uhl<\/strong><\/p>\n<p><strong>Bezirksvorsitzender Oberpfalz<\/strong><\/p>\n","protected":false},"excerpt":{"rendered":"<p>Liebe Radsportlerinnen, liebe Radsportler, aufgrund der momentanen stark von Pandemie gepr\u00e4gten Zeit f\u00e4llt es wiederum schwer Worte f\u00fcr einen Weihnachtsbrief zu finden! Ein fr\u00f6hliches Weihnachten! Kann es aufgrund der Pandemie Vorhersagen ein fr\u00f6hliches Weihnachten werden? Bleiben wir zuversichtlich und hoffen auf eine baldige R\u00fcckkehr zum Gewohnten. Es liegt ein entsprechend der Pandemieauflagen geschuldetes au\u00dfergew\u00f6hnliches Jahr [&hellip;]<\/p>\n","protected":false},"author":4,"featured_media":0,"comment_status":"closed","ping_status":"closed","sticky":false,"template":"","format":"standard","meta":{"ngg_post_thumbnail":0,"footnotes":""},"categories":[14],"tags":[],"class_list":{"0":"post-841","1":"post","2":"type-post","3":"status-publish","4":"format-standard","6":"category-aktuelles","7":"czr-hentry"},"_links":{"self":[{"href":"https:\/\/www.oberpfalz-radsport.de\/index.php?rest_route=\/wp\/v2\/posts\/841","targetHints":{"allow":["GET"]}}],"collection":[{"href":"https:\/\/www.oberpfalz-radsport.de\/index.php?rest_route=\/wp\/v2\/posts"}],"about":[{"href":"https:\/\/www.oberpfalz-radsport.de\/index.php?rest_route=\/wp\/v2\/types\/post"}],"author":[{"embeddable":true,"href":"https:\/\/www.oberpfalz-radsport.de\/index.php?rest_route=\/wp\/v2\/users\/4"}],"replies":[{"embeddable":true,"href":"https:\/\/www.oberpfalz-radsport.de\/index.php?rest_route=%2Fwp%2Fv2%2Fcomments&post=841"}],"version-history":[{"count":3,"href":"https:\/\/www.oberpfalz-radsport.de\/index.php?rest_route=\/wp\/v2\/posts\/841\/revisions"}],"predecessor-version":[{"id":844,"href":"https:\/\/www.oberpfalz-radsport.de\/index.php?rest_route=\/wp\/v2\/posts\/841\/revisions\/844"}],"wp:attachment":[{"href":"https:\/\/www.oberpfalz-radsport.de\/index.php?rest_route=%2Fwp%2Fv2%2Fmedia&parent=841"}],"wp:term":[{"taxonomy":"category","embeddable":true,"href":"https:\/\/www.oberpfalz-radsport.de\/index.php?rest_route=%2Fwp%2Fv2%2Fcategories&post=841"},{"taxonomy":"post_tag","embeddable":true,"href":"https:\/\/www.oberpfalz-radsport.de\/index.php?rest_route=%2Fwp%2Fv2%2Ftags&post=841"}],"curies":[{"name":"wp","href":"https:\/\/api.w.org\/{rel}","templated":true}]}}