{"id":774,"date":"2020-11-15T17:49:39","date_gmt":"2020-11-15T16:49:39","guid":{"rendered":"https:\/\/www.oberpfalz-radsport.de\/?p=774"},"modified":"2021-01-19T10:05:20","modified_gmt":"2021-01-19T09:05:20","slug":"jugendfoerderung","status":"publish","type":"post","link":"https:\/\/www.oberpfalz-radsport.de\/?p=774","title":{"rendered":"Jugendf\u00f6rderung"},"content":{"rendered":"<p>Zur verbesserten F\u00f6rderung von Radsporttalenten des Oberpf\u00e4lzer Radsportbezirkes, die sich bereits im Jura Cup oder in der Bayernliga vorne platzieren konnten, wird zuk\u00fcnftig ein regelm\u00e4\u00dfiges Bezirksauswahltraining unter Leitung von Klaus Joachimstaler (u15, u17) und Stephan Steiner (u13) durchgef\u00fchrt. Ziel der F\u00f6rderung bei der u15 und u17 ist es, Jugendliche aus dem Jura Cup hin zu nationalen Rennen zu entwickeln. Bei der u13 stehen die allgemeinen sportlichen F\u00e4higkeiten sowie die Verbesserung der Fahrtechnik im Vordergrund.<\/p>\n<p>Die Liste der vorgesehenen Sportlerinnen und Sportler wird rechtzeitig den Vereinen zugesandt. Diese k\u00f6nnen dann bei Heidi Stadlbauer (stadlbauer.thomas@t-online.de) ihre Fahrerinnen und Fahrer anmelden, so dass die Trainingseinheiten vern\u00fcnftig planbar sind.<\/p>\n<p>Damit die Trainerinnen und Trainer wissen, was auf ihre Jugendlichen zukommen wird, gibt es von Klaus ein Angebot an die Vereinstrainer zur vorherigen Technikbesprechung am 20.12. um 10.00 Uhr (Ort wird noch bekanntgegeben). Davon kann auch die t\u00e4gliche Vereinsarbeit durch einen neuen Input profitieren. Damit auch diese Fahrt planbar wird, bitte bis zum 13. Dezember ebenfalls bei Heidi Stadlbauer anmelden.<\/p>\n<p>Das erste Jugendtraining wird am 24.01. stattfinden. Je nach Witterung wird die genaue Ausgestaltung und der genaue Ort noch bekannt gegeben. Auch hier wird um eine regelm\u00e4\u00dfige Mitfahrt der Vereinstrainer gebeten, um individuelle Trainingsm\u00f6glichkeiten f\u00fcr die einzelnen Jugendlichen sowie Tipps zur Saison- und Wettkampfplanung zu teilen.<\/p>\n<p>Um einen Verteiler zu erstellen, w\u00e4re es sehr sch\u00f6n, wenn die Vereine \u2013 wenn nicht schon geschehen \u2013 an Heidi Stadlbauer zur\u00fcckmelden k\u00f6nnten, wer im jeweiligen Verein vor Ort im E-Mail Verteiler Bezirksauswahltraining aufgenommen werden will.<\/p>\n","protected":false},"excerpt":{"rendered":"<p>Zur verbesserten F\u00f6rderung von Radsporttalenten des Oberpf\u00e4lzer Radsportbezirkes, die sich bereits im Jura Cup oder in der Bayernliga vorne platzieren konnten, wird zuk\u00fcnftig ein regelm\u00e4\u00dfiges Bezirksauswahltraining unter Leitung von Klaus Joachimstaler (u15, u17) und Stephan Steiner (u13) durchgef\u00fchrt. Ziel der F\u00f6rderung bei der u15 und u17 ist es, Jugendliche aus dem Jura Cup hin zu [&hellip;]<\/p>\n","protected":false},"author":1,"featured_media":0,"comment_status":"closed","ping_status":"closed","sticky":false,"template":"","format":"standard","meta":{"ngg_post_thumbnail":0,"footnotes":""},"categories":[14,12],"tags":[],"class_list":{"0":"post-774","1":"post","2":"type-post","3":"status-publish","4":"format-standard","6":"category-aktuelles","7":"category-jugendfoerderung","8":"czr-hentry"},"_links":{"self":[{"href":"https:\/\/www.oberpfalz-radsport.de\/index.php?rest_route=\/wp\/v2\/posts\/774","targetHints":{"allow":["GET"]}}],"collection":[{"href":"https:\/\/www.oberpfalz-radsport.de\/index.php?rest_route=\/wp\/v2\/posts"}],"about":[{"href":"https:\/\/www.oberpfalz-radsport.de\/index.php?rest_route=\/wp\/v2\/types\/post"}],"author":[{"embeddable":true,"href":"https:\/\/www.oberpfalz-radsport.de\/index.php?rest_route=\/wp\/v2\/users\/1"}],"replies":[{"embeddable":true,"href":"https:\/\/www.oberpfalz-radsport.de\/index.php?rest_route=%2Fwp%2Fv2%2Fcomments&post=774"}],"version-history":[{"count":1,"href":"https:\/\/www.oberpfalz-radsport.de\/index.php?rest_route=\/wp\/v2\/posts\/774\/revisions"}],"predecessor-version":[{"id":775,"href":"https:\/\/www.oberpfalz-radsport.de\/index.php?rest_route=\/wp\/v2\/posts\/774\/revisions\/775"}],"wp:attachment":[{"href":"https:\/\/www.oberpfalz-radsport.de\/index.php?rest_route=%2Fwp%2Fv2%2Fmedia&parent=774"}],"wp:term":[{"taxonomy":"category","embeddable":true,"href":"https:\/\/www.oberpfalz-radsport.de\/index.php?rest_route=%2Fwp%2Fv2%2Fcategories&post=774"},{"taxonomy":"post_tag","embeddable":true,"href":"https:\/\/www.oberpfalz-radsport.de\/index.php?rest_route=%2Fwp%2Fv2%2Ftags&post=774"}],"curies":[{"name":"wp","href":"https:\/\/api.w.org\/{rel}","templated":true}]}}